{"id":2806,"date":"2016-03-10T10:01:30","date_gmt":"2016-03-10T09:01:30","guid":{"rendered":"http:\/\/itvdev019\/wp.install\/?p=2806"},"modified":"2021-03-10T22:32:00","modified_gmt":"2021-03-10T21:32:00","slug":"messeerfolg-it-trans-2016","status":"publish","type":"post","link":"https:\/\/urbic-system.com\/index.php\/2016\/03\/10\/messeerfolg-it-trans-2016\/","title":{"rendered":"MESSEERFOLG IT-TRANS 2016"},"content":{"rendered":"\n<div class=\"wp-block-image is-style-default\"><figure class=\"aligncenter size-large\"><img loading=\"lazy\" decoding=\"async\" width=\"450\" height=\"300\" src=\"http:\/\/itvdev019\/wp.install\/wp-content\/uploads\/2020\/10\/SAM_2074_.jpg\" alt=\"\" class=\"wp-image-3182\" srcset=\"https:\/\/urbic-system.com\/wp-content\/uploads\/2020\/10\/SAM_2074_.jpg 450w, https:\/\/urbic-system.com\/wp-content\/uploads\/2020\/10\/SAM_2074_-300x200.jpg 300w\" sizes=\"auto, (max-width: 450px) 100vw, 450px\" \/><\/figure><\/div>\n\n\n\n<p>\u200b\u200bVom 1. bis 3. M\u00e4rz 2016 konnte man bei der Karlsruher Messe- und Kongress-GmbH Trends und Neuigkeiten der Branche des \u00f6ffentlichen Personennahverkehrs erleben. Gemeinsam mit der Dresdner Verkehrsbetriebe AG, pr\u00e4sentierten wir das Produkt urbic\u00ae. Wir konnten sehr viele und qualitativ hochwertige Gespr\u00e4che f\u00fchren. Neben Vertretern von verkehrstechnischen Ingenieurb\u00fcros, begr\u00fc\u00dften wir Fachkollegen aus Stadtwerken und Verkehrsbetrieben und konnten einige f\u00fcr vertiefende Pr\u00e4sentationen bzw. Pilotprojekte gewinnen. Auch Firmen aus anderen L\u00e4ndern, sogar von anderen Kontinenten, verweilten an unserem Stand, um N\u00e4heres \u00fcber urbic\u00ae zu erfahren. Wir freuen uns schon jetzt auf eine ebenso erfolgreiche IT-Trans im Jahr 2018.<\/p>\n","protected":false},"excerpt":{"rendered":"<p>\u200b\u200bVom 1. bis 3. M\u00e4rz 2016 konnte man bei der Karlsruher Messe- und Kongress-GmbH Trends und Neuigkeiten der Branche des \u00f6ffentlichen Personennahverkehrs erleben. Gemeinsam mit der Dresdner Verkehrsbetriebe AG, pr\u00e4sentierten wir das Produkt urbic\u00ae. Wir konnten sehr viele und qualitativ hochwertige Gespr\u00e4che f\u00fchren. Neben Vertretern von verkehrstechnischen Ingenieurb\u00fcros, begr\u00fc\u00dften wir Fachkollegen aus Stadtwerken und Verkehrsbetrieben [&hellip;]<\/p>\n","protected":false},"author":1,"featured_media":0,"comment_status":"closed","ping_status":"open","sticky":false,"template":"","format":"standard","meta":{"footnotes":""},"categories":[3],"tags":[],"class_list":["post-2806","post","type-post","status-publish","format-standard","hentry","category-urbic_news"],"_links":{"self":[{"href":"https:\/\/urbic-system.com\/index.php\/wp-json\/wp\/v2\/posts\/2806","targetHints":{"allow":["GET"]}}],"collection":[{"href":"https:\/\/urbic-system.com\/index.php\/wp-json\/wp\/v2\/posts"}],"about":[{"href":"https:\/\/urbic-system.com\/index.php\/wp-json\/wp\/v2\/types\/post"}],"author":[{"embeddable":true,"href":"https:\/\/urbic-system.com\/index.php\/wp-json\/wp\/v2\/users\/1"}],"replies":[{"embeddable":true,"href":"https:\/\/urbic-system.com\/index.php\/wp-json\/wp\/v2\/comments?post=2806"}],"version-history":[{"count":3,"href":"https:\/\/urbic-system.com\/index.php\/wp-json\/wp\/v2\/posts\/2806\/revisions"}],"predecessor-version":[{"id":3184,"href":"https:\/\/urbic-system.com\/index.php\/wp-json\/wp\/v2\/posts\/2806\/revisions\/3184"}],"wp:attachment":[{"href":"https:\/\/urbic-system.com\/index.php\/wp-json\/wp\/v2\/media?parent=2806"}],"wp:term":[{"taxonomy":"category","embeddable":true,"href":"https:\/\/urbic-system.com\/index.php\/wp-json\/wp\/v2\/categories?post=2806"},{"taxonomy":"post_tag","embeddable":true,"href":"https:\/\/urbic-system.com\/index.php\/wp-json\/wp\/v2\/tags?post=2806"}],"curies":[{"name":"wp","href":"https:\/\/api.w.org\/{rel}","templated":true}]}}